{"id":1500,"date":"2017-02-07T09:51:50","date_gmt":"2017-02-07T09:51:50","guid":{"rendered":"http:\/\/artesmarciaisalbufeira.com\/pt\/?p=1500"},"modified":"2017-10-29T12:13:52","modified_gmt":"2017-10-29T12:13:52","slug":"gala-do-desporto-2017-em-albufeira","status":"publish","type":"post","link":"https:\/\/artesmarciaisalbufeira.com\/pt\/gala-do-desporto-2017-em-albufeira\/","title":{"rendered":"Gala do Desporto 2017 em Albufeira"},"content":{"rendered":"<p>Clube de Artes Marciais de Albufeira esteve presente na realiza\u00e7\u00e3o no dia 3 de Fevereiro de 2017 na Gala do Desporto de Albufeira, no Pavilh\u00e3o Desportivo Municipal de Albufeira, onde o Clube de Artes Marciais de Albufeira esteve presente com alguns dos seus atletas e t\u00e9cnicos a serem homenageados pelos seus resultados desportivos, publicamente.<\/p>\n<p>Este ano foram homenageados 20 atletas das diversas modalidades do nosso Clube e o nosso dirigente desportivo prof. Sr. Fl\u00e1vio Alexandre. Foram obtidos t\u00edtulos desde Nacionais at\u00e9 Mundiais, durante a \u00e9poca 2015\/2016. Para al\u00e9m dos atletas, treinadores, clubes e associa\u00e7\u00f5es, a Gala do Desporto contou com a presen\u00e7a e com muita honra nossa os Exs. Atletas convidados Rosa Mota e Carlos Lopes, dois embaixadores do atletismo e que fazem parte da hist\u00f3ria do desporto Portugu\u00eas, entregaram aos 20 atletas do Clube de Artes Marciais de Albufeira em m\u00e3o um diploma e um trofeu.<\/p>\n<p>Aqui fica os resultados e os nomes mais importantes da \u00e9poca 2015\/2016 dos atletas do Clube de Artes Marciais de Albufeira que foram homenageados:<\/p>\n<h3>Isaac Bruxo<\/h3>\n<p>Medalha de Ouro 1\u00ba lugar formas livres no Campeonato Nacional de Artes Marciais 8\/9 anos at\u00e9 cinto laranja em Rio Maior 3-12-2016<br \/>\nMedalha de Prata 2\u00ba lugar formas com armas no Campeonato Nacional de Artes Marciais 8\/9 anos at\u00e9 cinto laranja em Rio Maior 3-12-2016<br \/>\n1\u00ba Lugar Medalha de Ouro Campe\u00e3o Mundial de formas open, 6\/7 anos no Campeonato do Mundo de Artes Marciais All Styles em Caldas de Rainha- Portugal 18,19 e 20 de Mar\u00e7o de 2016<br \/>\n2\u00ba Lugar Medalha de Prata Vice-Campe\u00e3o Mundial de formas com Armas open, 6\/7 anos no Campeonato do Mundo de Artes Marciais All Styles em Caldas de Rainha- Portugal 18,19 e 20 de Mar\u00e7o de 2016<\/p>\n<h3>Gabriel Barbosa<\/h3>\n<p>Medalha de Ouro 1\u00ba lugar formas livres no Campeonato Nacional de Artes Marciais 8\/9 anos em Rio Maior 3-12-2016<br \/>\nMedalha de Ouro 1\u00ba lugar formas com armas no Campeonato Nacional de Artes Marciais 8\/9 anos em Rio Maior 3-12-2016<br \/>\nMedalha de Prata 2\u00ba lugar combate Rumble WAC \u2013 33 kg no Campeonato Nacional de Artes Marciais 8\/9 anos em Rio Maior 3-12-2016<br \/>\n1\u00ba Lugar Medalha de Ouro Campe\u00e3o Mundial de Combate 8\/9 anos no Campeonato do Mundo de Artes Marciais All Styles em Caldas de Rainha- Portugal 18,19 e 20 de Mar\u00e7o de 2016<br \/>\n1\u00ba Lugar Medalha de Ouro Campe\u00e3o Mundial de formas com Armas open, 8\/9 anos no Campeonato do Mundo de Artes Marciais All Styles em Caldas de Rainha- Portugal 18,19 e 20 de Mar\u00e7o de 2016<br \/>\n1\u00ba Lugar Medalha de Ouro Campe\u00e3o Mundial de formas open, 8\/9 anos no Campeonato do Mundo de Artes Marciais All Styles em Caldas de Rainha- Portugal 18,19 e 20 de Mar\u00e7o de 2016<br \/>\n1\u00ba Lugar Medalha de Ouro Campe\u00e3o Mundial de formas Kata (Karate), 8\/9 anos no Campeonato do Mundo de Artes Marciais All Styles em Caldas de Rainha- Portugal 18,19 e 20 de Mar\u00e7o de 2016<\/p>\n<h3>Daniel Ghilas<\/h3>\n<p>Medalha de Ouro 1\u00ba lugar combate Rumble WAC- 48 kg no Campeonato Nacional de Artes Marciais 10\/11 anos em Rio Maior 3-12-2016<br \/>\nMedalha de Prata 2\u00ba lugar formas com armas no Campeonato Nacional de Artes Marciais 10\/11 anos em Rio Maior 3-12-2016<br \/>\nMedalha de Bronze 3\u00ba lugar formas livres no Campeonato Nacional de Artes Marciais 10\/11 anos em Rio Maior 3-12-2016<br \/>\n3\u00ba Lugar medalha de bronze kumite iniciados (combate &#8211; 45kg) Campeonato Regional de Karate 2016 Lagos.<\/p>\n<p>1\u00ba Lugar Medalha de Ouro Campe\u00e3o Mundial de formas open, 10\/11 anos no Campeonato do Mundo de Artes Marciais All Styles em Caldas de Rainha- Portugal 18,19 e 20 de Mar\u00e7o de 2016<br \/>\n2\u00ba Lugar Medalha de Prata Vice-Campe\u00e3o Mundial de formas com Armas open, 10\/11 anos no Campeonato do Mundo de Artes Marciais All Styles em Caldas de Rainha- Portugal 18,19 e 20 de Mar\u00e7o de 2016<\/p>\n<h3>Martim Sousa<\/h3>\n<p>1\u00ba Lugar Medalha de Ouro Campe\u00e3o Mundial de formas com Armas Suaves, 11\/12 anos no Campeonato do Mundo de Artes Marciais All Styles em Caldas de Rainha- Portugal 18,19 e 20 de Mar\u00e7o de 2016<br \/>\n2\u00ba Lugar Medalha de Prata Vice-Campe\u00e3o Mundial de formas open, 11\/12 anos no Campeonato do Mundo de Artes Marciais All Styles em Caldas de Rainha- Portugal 18,19 e 20 de Mar\u00e7o de 2016<br \/>\nMedalha de Prata 2\u00ba lugar formas livres no Campeonato Nacional de Artes Marciais 12\/13 anos em Rio Maior 3-12-2016<\/p>\n<h3>Andr\u00e9 Palma<\/h3>\n<p>Medalha de Ouro 1\u00ba lugar formas livres no Campeonato Nacional de Artes Marciais 14\/15 anos em Rio Maior 3-12-2016<br \/>\nMedalha de Prata 2\u00ba lugar formas com armas no Campeonato Nacional de Artes Marciais 14\/15 anos em Rio Maior 3-12-2016<br \/>\n3\u00ba Lugar medalha de bronze kumite juvenis (combate &#8211; 44 kg) Campeonato Regional de Karate 2016 Lagos<\/p>\n<p>1\u00ba Lugar Medalha de Ouro Campe\u00e3o Mundial de formas Kata (Karate), 12\/13 anos no Campeonato do Mundo de Artes Marciais All Styles em Caldas de Rainha- Portugal 18,19 e 20 de Mar\u00e7o de 2016<\/p>\n<h3>F\u00e1bio Vernuccios<\/h3>\n<p>1\u00ba Lugar Medalha de Ouro Campe\u00e3o Mundial de formas Kata (Karate), 14\/15 anos no Campeonato do Mundo de Artes Marciais All Styles em Caldas de Rainha- Portugal 18,19 e 20 de Mar\u00e7o de 2016<br \/>\n3\u00ba Lugar Medalha de Bronze de formas Suaves, 14\/15 anos no Campeonato do Mundo de Artes Marciais All Styles em Caldas de Rainha- Portugal 18,19 e 20 de Mar\u00e7o de 2016<br \/>\n3\u00ba Lugar Medalha de Bronze de formas Duras, 14\/15 anos no Campeonato do Mundo de Artes Marciais All Styles em Caldas de Rainha- Portugal 18,19 e 20 de Mar\u00e7o de 2016<br \/>\n3\u00ba Lugar Medalha de Bronze de formas com Armas Duras, 14\/15 anos no Campeonato do Mundo de Artes Marciais All Styles em Caldas de Rainha- Portugal 18,19 e 20 de Mar\u00e7o de 2016<\/p>\n<h3>Ricardo Silva<\/h3>\n<p>1\u00ba Lugar Medalha de Ouro Campe\u00e3o Mundial de formas Kata (Karate), 16\/17 anos no Campeonato do Mundo de Artes Marciais All Styles em Caldas de Rainha- Portugal 18,19 e 20 de Mar\u00e7o de 2016<br \/>\n2\u00ba Lugar Medalha de Prata Vice-Campe\u00e3o Mundial de formas Duras, 16\/17 anos no Campeonato do Mundo de Artes Marciais All Styles em Caldas de Rainha- Portugal 18,19 e 20 de Mar\u00e7o de 2016<br \/>\n2\u00ba Lugar Medalha de Prata Vice-Campe\u00e3o Mundial de formas com Armas Duras, 16\/17 anos no Campeonato do Mundo de Artes Marciais All Styles em Caldas de Rainha- Portugal 18,19 e 20 de Mar\u00e7o de 2016<br \/>\nMedalha de Bronze 3\u00ba lugar formas livres no Campeonato Nacional de Artes Marciais 16\/17 anos em Rio Maior 3-12-2016<br \/>\nMedalha de Bronze 3\u00ba lugar formas armas no Campeonato Nacional de Artes Marciais 16\/17 anos em Rio Maior 3-12-2016<\/p>\n<h3>Vladmir Ghilas<\/h3>\n<p>Medalha de Ouro 1\u00ba lugar formas armas no Campeonato Nacional de Artes Marciais 16\/17 anos em Rio Maior 3-12-2016<br \/>\nMedalha de Prata 2\u00ba lugar formas livres no Campeonato Nacional de Artes Marciais 16\/17 anos em Rio Maior 3-12-2016<br \/>\n3\u00ba Lugar Medalha de Bronze de formas Suaves, 16\/17 anos no Campeonato do Mundo de Artes Marciais All Styles em Caldas de Rainha- Portugal 18,19 e 20 de Mar\u00e7o de 2016<\/p>\n<h3>Fl\u00e1vio Alexandre<\/h3>\n<p>1\u00ba Lugar Medalha de Ouro Campe\u00e3o Mundial de formas Suaves, seniores no Campeonato do Mundo de Artes Marciais All Styles em Caldas de Rainha- Portugal 18,19 e 20 de Mar\u00e7o de 2016<br \/>\n1\u00ba Lugar Medalha de Ouro Campe\u00e3o Mundial de formas com Armas Suaves, seniores no Campeonato do Mundo de Artes Marciais All Styles em Caldas de Rainha- Portugal 18,19 e 20 de Mar\u00e7o de 2016<\/p>\n<h3>Rita Xavier<\/h3>\n<p>Medalha de Ouro 1\u00ba lugar formas livres no Campeonato Nacional de Artes Marciais Seniores em Rio Maior 3-12-2016<br \/>\nMedalha de Ouro 1\u00ba lugar formas com armas no Campeonato Nacional de Artes Marciais Seniores em Rio Maior 3-12-2016<br \/>\nMariana Santos Medalha de Ouro 1\u00ba lugar formas livres no Campeonato Nacional de Artes Marciais Seniores at\u00e9 cinto Laranja em Rio Maior 3-12-2016<br \/>\nMedalha de Ouro 1\u00ba lugar formas com armas no Campeonato Nacional de Artes Marciais Seniores at\u00e9 cinto Laranja em Rio Maior 3-12-2016<\/p>\n<h3>Daniel Braz\u00e3o<\/h3>\n<p>Medalha de Ouro 1\u00ba lugar formas com armas no Campeonato Nacional de Artes Marciais Seniores at\u00e9 cinto Laranja em Rio Maior 3-12-2016<br \/>\nMedalha de Prata 2\u00ba lugar formas livres no Campeonato Nacional de Artes Marciais Seniores at\u00e9 cinto Laranja em Rio Maior 3-12-2016<\/p>\n<h3>Louren\u00e7o Dias<\/h3>\n<p>Medalha de Ouro 1\u00ba lugar formas livres no Campeonato Nacional de Artes Marciais 8\/9 anos at\u00e9 cinto amarelo em Rio Maior 3-12-2016<\/p>\n<h3>Pedro Sim\u00f5es<\/h3>\n<p>Medalha de Ouro 1\u00ba lugar formas livres no Campeonato Nacional de Artes Marciais 10\/11 anos at\u00e9 cinto Laranja em Rio Maior 3-12-2016<br \/>\nMedalha de Bronze 3\u00ba lugar formas com armas no Campeonato Nacional de Artes Marciais 10\/11 anos at\u00e9 cinto Laranja em Rio Maior 3-12-2016<\/p>\n<h3>Francisco Bacalh\u00e3o<\/h3>\n<p>Medalha de Ouro 1\u00ba lugar formas livres no Campeonato Nacional de Artes Marciais 7\/7 anos at\u00e9 cinto amarelo em Rio Maior 3-12-2016<\/p>\n<h3>Ant\u00f3nio Neto<\/h3>\n<p>Medalha de Ouro 1\u00ba lugar combate Light K WAC +95 kg no Campeonato Nacional de Artes Marciais 16\/17 anos em Rio Maior 3-12-2016<br \/>\nMedalha de Ouro 1\u00ba lugar combate Low WAC +95 kg no Campeonato Nacional de Artes Marciais 16\/17 anos em Rio Maior 3-12-2016<\/p>\n<h3>Hungo Sousa<\/h3>\n<p>Medalha de Prata 2\u00ba lugar formas livres no Campeonato Nacional de Artes Marciais 6\/7 anos at\u00e9 cinto laranja em Rio Maior 3-12-2016<\/p>\n<h3>Leandro Domingues<\/h3>\n<p>Medalha de Prata 2\u00ba lugar combate Light K WAC \u2013 65 kg no Campeonato Nacional de Artes Marciais 14\/15 em Rio Maior 3-12-2016<br \/>\nMedalha de Prata 2\u00ba lugar formas livres no Campeonato Nacional de Artes Marciais 14\/15 at\u00e9 cinto Laranja em Rio Maior 3-12-2016<br \/>\nMedalha de Prata 2\u00ba lugar formas com armas no Campeonato Nacional de Artes Marciais 14\/15 at\u00e9 cinto Laranja em Rio Maior 3-12-2016<\/p>\n<h3>Jo\u00e3o Pinheiro<\/h3>\n<p>Medalha de Bronze 3\u00ba lugar combate Light K WAC \u2013 63 kg no Campeonato Nacional de Artes Marciais Seniores em Rio Maior 3-12-2016<br \/>\nMedalha de Bronze 3\u00ba lugar combate Low WAC \u2013 63 kg no Campeonato Nacional de Artes Marciais Seniores em Rio Maior 3-12-2016<\/p>\n<h3>Gia Costa<\/h3>\n<p>Medalha de Prata 2\u00ba lugar combate Light K WAC \u2013 55 kg no Campeonato Nacional de Artes Marciais 14\/15 anos em Rio Maior 3-12-2016<\/p>\n<p>Parab\u00e9ns mais uma vez a todos os atletas pelos seus resultados conquistados, como tamb\u00e9m a todos aqueles que se esfor\u00e7aram durante toda a \u00e9poca, esperamos que continuem com sucesso as vossas modalidades. Um grande obrigado a C\u00e2mara Municipal de Albufeira por este evento fant\u00e1stico e como a todos os nossos s\u00f3cios\/atletas amigos, fam\u00edlia e pais, que se apresentara-se em maioria.<\/p>\n<blockquote><p>\u201cMAIS QUE UM CLUBE UMA FAMILIA\u201d<\/p><\/blockquote>\n","protected":false},"excerpt":{"rendered":"<p>Clube de Artes Marciais de Albufeira esteve presente na realiza\u00e7\u00e3o no dia 3 de Fevereiro de 2017 na Gala do Desporto de Albufeira, no Pavilh\u00e3o Desportivo Municipal de Albufeira, onde o Clube de Artes Marciais de Albufeira esteve presente com alguns dos seus atletas e t\u00e9cnicos a serem homenageados pelos seus resultados desportivos, publicamente. Este [&hellip;]<\/p>\n","protected":false},"author":1,"featured_media":1501,"comment_status":"closed","ping_status":"closed","sticky":false,"template":"","format":"standard","meta":[],"categories":[48],"tags":[],"yoast_head":"<!-- This site is optimized with the Yoast SEO plugin v15.0 - https:\/\/yoast.com\/wordpress\/plugins\/seo\/ -->\n<title>Gala do Desporto 2017 em Albufeira - Clube de Artes Marciais de Albufeira<\/title>\n<meta name=\"robots\" content=\"index, follow, max-snippet:-1, max-image-preview:large, max-video-preview:-1\" \/>\n<link rel=\"canonical\" href=\"https:\/\/artesmarciaisalbufeira.com\/pt\/gala-do-desporto-2017-em-albufeira\/\" \/>\n<meta property=\"og:locale\" content=\"pt_PT\" \/>\n<meta property=\"og:type\" content=\"article\" \/>\n<meta property=\"og:title\" content=\"Gala do Desporto 2017 em Albufeira - Clube de Artes Marciais de Albufeira\" \/>\n<meta property=\"og:description\" content=\"Clube de Artes Marciais de Albufeira esteve presente na realiza\u00e7\u00e3o no dia 3 de Fevereiro de 2017 na Gala do Desporto de Albufeira, no Pavilh\u00e3o Desportivo Municipal de Albufeira, onde o Clube de Artes Marciais de Albufeira esteve presente com alguns dos seus atletas e t\u00e9cnicos a serem homenageados pelos seus resultados desportivos, publicamente. Este [&hellip;]\" \/>\n<meta property=\"og:url\" content=\"https:\/\/artesmarciaisalbufeira.com\/pt\/gala-do-desporto-2017-em-albufeira\/\" \/>\n<meta property=\"og:site_name\" content=\"Clube de Artes Marciais de Albufeira\" \/>\n<meta property=\"article:published_time\" content=\"2017-02-07T09:51:50+00:00\" \/>\n<meta property=\"article:modified_time\" content=\"2017-10-29T12:13:52+00:00\" \/>\n<meta property=\"og:image\" content=\"https:\/\/artesmarciaisalbufeira.com\/pt\/wp-content\/uploads\/2017\/06\/gala_desporto_2.jpg\" \/>\n\t<meta property=\"og:image:width\" content=\"600\" \/>\n\t<meta property=\"og:image:height\" content=\"321\" \/>\n<meta name=\"twitter:card\" content=\"summary\" \/>\n<script type=\"application\/ld+json\" class=\"yoast-schema-graph\">{\"@context\":\"https:\/\/schema.org\",\"@graph\":[{\"@type\":\"WebSite\",\"@id\":\"https:\/\/artesmarciaisalbufeira.com\/pt\/#website\",\"url\":\"https:\/\/artesmarciaisalbufeira.com\/pt\/\",\"name\":\"Clube de Artes Marciais de Albufeira\",\"description\":\"Clube de Artes Marciais de Albufeira\",\"potentialAction\":[{\"@type\":\"SearchAction\",\"target\":\"https:\/\/artesmarciaisalbufeira.com\/pt\/?s={search_term_string}\",\"query-input\":\"required name=search_term_string\"}],\"inLanguage\":\"pt-PT\"},{\"@type\":\"ImageObject\",\"@id\":\"https:\/\/artesmarciaisalbufeira.com\/pt\/gala-do-desporto-2017-em-albufeira\/#primaryimage\",\"inLanguage\":\"pt-PT\",\"url\":\"https:\/\/artesmarciaisalbufeira.com\/pt\/wp-content\/uploads\/2017\/06\/gala_desporto_2.jpg\",\"width\":600,\"height\":321,\"caption\":\"GALA DO DESPORTO 2017 EM ALBUFEIRA\"},{\"@type\":\"WebPage\",\"@id\":\"https:\/\/artesmarciaisalbufeira.com\/pt\/gala-do-desporto-2017-em-albufeira\/#webpage\",\"url\":\"https:\/\/artesmarciaisalbufeira.com\/pt\/gala-do-desporto-2017-em-albufeira\/\",\"name\":\"Gala do Desporto 2017 em Albufeira - Clube de Artes Marciais de Albufeira\",\"isPartOf\":{\"@id\":\"https:\/\/artesmarciaisalbufeira.com\/pt\/#website\"},\"primaryImageOfPage\":{\"@id\":\"https:\/\/artesmarciaisalbufeira.com\/pt\/gala-do-desporto-2017-em-albufeira\/#primaryimage\"},\"datePublished\":\"2017-02-07T09:51:50+00:00\",\"dateModified\":\"2017-10-29T12:13:52+00:00\",\"author\":{\"@id\":\"https:\/\/artesmarciaisalbufeira.com\/pt\/#\/schema\/person\/14baa1a84c86cf63888152c85ff41a73\"},\"inLanguage\":\"pt-PT\",\"potentialAction\":[{\"@type\":\"ReadAction\",\"target\":[\"https:\/\/artesmarciaisalbufeira.com\/pt\/gala-do-desporto-2017-em-albufeira\/\"]}]},{\"@type\":\"Person\",\"@id\":\"https:\/\/artesmarciaisalbufeira.com\/pt\/#\/schema\/person\/14baa1a84c86cf63888152c85ff41a73\",\"name\":\"jeune\"}]}<\/script>\n<!-- \/ Yoast SEO plugin. -->","_links":{"self":[{"href":"https:\/\/artesmarciaisalbufeira.com\/pt\/wp-json\/wp\/v2\/posts\/1500"}],"collection":[{"href":"https:\/\/artesmarciaisalbufeira.com\/pt\/wp-json\/wp\/v2\/posts"}],"about":[{"href":"https:\/\/artesmarciaisalbufeira.com\/pt\/wp-json\/wp\/v2\/types\/post"}],"author":[{"embeddable":true,"href":"https:\/\/artesmarciaisalbufeira.com\/pt\/wp-json\/wp\/v2\/users\/1"}],"replies":[{"embeddable":true,"href":"https:\/\/artesmarciaisalbufeira.com\/pt\/wp-json\/wp\/v2\/comments?post=1500"}],"version-history":[{"count":3,"href":"https:\/\/artesmarciaisalbufeira.com\/pt\/wp-json\/wp\/v2\/posts\/1500\/revisions"}],"predecessor-version":[{"id":2762,"href":"https:\/\/artesmarciaisalbufeira.com\/pt\/wp-json\/wp\/v2\/posts\/1500\/revisions\/2762"}],"wp:featuredmedia":[{"embeddable":true,"href":"https:\/\/artesmarciaisalbufeira.com\/pt\/wp-json\/wp\/v2\/media\/1501"}],"wp:attachment":[{"href":"https:\/\/artesmarciaisalbufeira.com\/pt\/wp-json\/wp\/v2\/media?parent=1500"}],"wp:term":[{"taxonomy":"category","embeddable":true,"href":"https:\/\/artesmarciaisalbufeira.com\/pt\/wp-json\/wp\/v2\/categories?post=1500"},{"taxonomy":"post_tag","embeddable":true,"href":"https:\/\/artesmarciaisalbufeira.com\/pt\/wp-json\/wp\/v2\/tags?post=1500"}],"curies":[{"name":"wp","href":"https:\/\/api.w.org\/{rel}","templated":true}]}}