{"id":2776,"date":"2017-01-16T12:23:23","date_gmt":"2017-01-16T12:23:23","guid":{"rendered":"http:\/\/artesmarciaisalbufeira.com\/pt\/?p=2776"},"modified":"2017-10-29T12:24:43","modified_gmt":"2017-10-29T12:24:43","slug":"acao-de-formacao-para-arbritos-e-treinadores-de-karate","status":"publish","type":"post","link":"https:\/\/artesmarciaisalbufeira.com\/pt\/acao-de-formacao-para-arbritos-e-treinadores-de-karate\/","title":{"rendered":"A\u00e7\u00e3o de Forma\u00e7\u00e3o para arbritos e treinadores de Karate"},"content":{"rendered":"<h2>Realizou-se no passado Domingo dia 15 de Janeiro uma A\u00e7\u00e3o de Forma\u00e7\u00e3o para arbritos e treinadores de Karate.<\/h2>\n<p>A nossa Associa\u00e7\u00e3o esteve com o nosso Diretor T\u00e9cnico Mestre Lu\u00eds Miguel Silva. A Forma\u00e7\u00e3o se realizou em Alcabideche Escola Eb 2\/3 de Alcabideche &#8211; Rua Major Serpa Pinto. A Nossa Associa\u00e7\u00e3o n\u00e3o se encontra s\u00f3 em competi\u00e7\u00e3o mas sim tamb\u00e9m em forma\u00e7\u00e3o n\u00e3o so para cr\u00e9ditos mas sim para mais conhecimento para a nossos jovens.<\/p>\n<h3>A Forma\u00e7\u00e3o foi dado pelo Sensei Italiano o Giuseppe Zaccaro:<\/h3>\n<ul>\n<li>\u00c1rbitro Mundial WKF<\/li>\n<li>\u00c1rbitro Europeu EKF<\/li>\n<li>Formador da WKF e da EKF<\/li>\n<li>Membro da Comiss\u00e3o Europeia da EKF<\/li>\n<li>7\u00ba Dan de Shito-Ryu<\/li>\n<li>Ministrante de Cursos para \u00c1rbitros e Treinadores pelo Mundo<\/li>\n<\/ul>\n<p>Queremos dar os parab\u00e9ns a Federa\u00e7\u00e3o Nacional de Karate de Portugal pela sua organiza\u00e7\u00e3o, muitos parab\u00e9ns.<\/p>\n","protected":false},"excerpt":{"rendered":"<p>Realizou-se no passado Domingo dia 15 de Janeiro uma A\u00e7\u00e3o de Forma\u00e7\u00e3o para arbritos e treinadores de Karate. A nossa Associa\u00e7\u00e3o esteve com o nosso Diretor T\u00e9cnico Mestre Lu\u00eds Miguel Silva. A Forma\u00e7\u00e3o se realizou em Alcabideche Escola Eb 2\/3 de Alcabideche &#8211; Rua Major Serpa Pinto. A Nossa Associa\u00e7\u00e3o n\u00e3o se encontra s\u00f3 em [&hellip;]<\/p>\n","protected":false},"author":1,"featured_media":2777,"comment_status":"closed","ping_status":"closed","sticky":false,"template":"","format":"standard","meta":[],"categories":[48],"tags":[],"yoast_head":"<!-- This site is optimized with the Yoast SEO plugin v15.0 - https:\/\/yoast.com\/wordpress\/plugins\/seo\/ -->\n<title>A\u00e7\u00e3o de Forma\u00e7\u00e3o para arbritos e treinadores de Karate - Clube de Artes Marciais de Albufeira<\/title>\n<meta name=\"robots\" content=\"index, follow, max-snippet:-1, max-image-preview:large, max-video-preview:-1\" \/>\n<link rel=\"canonical\" href=\"https:\/\/artesmarciaisalbufeira.com\/pt\/acao-de-formacao-para-arbritos-e-treinadores-de-karate\/\" \/>\n<meta property=\"og:locale\" content=\"pt_PT\" \/>\n<meta property=\"og:type\" content=\"article\" \/>\n<meta property=\"og:title\" content=\"A\u00e7\u00e3o de Forma\u00e7\u00e3o para arbritos e treinadores de Karate - Clube de Artes Marciais de Albufeira\" \/>\n<meta property=\"og:description\" content=\"Realizou-se no passado Domingo dia 15 de Janeiro uma A\u00e7\u00e3o de Forma\u00e7\u00e3o para arbritos e treinadores de Karate. A nossa Associa\u00e7\u00e3o esteve com o nosso Diretor T\u00e9cnico Mestre Lu\u00eds Miguel Silva. A Forma\u00e7\u00e3o se realizou em Alcabideche Escola Eb 2\/3 de Alcabideche &#8211; Rua Major Serpa Pinto. A Nossa Associa\u00e7\u00e3o n\u00e3o se encontra s\u00f3 em [&hellip;]\" \/>\n<meta property=\"og:url\" content=\"https:\/\/artesmarciaisalbufeira.com\/pt\/acao-de-formacao-para-arbritos-e-treinadores-de-karate\/\" \/>\n<meta property=\"og:site_name\" content=\"Clube de Artes Marciais de Albufeira\" \/>\n<meta property=\"article:published_time\" content=\"2017-01-16T12:23:23+00:00\" \/>\n<meta property=\"article:modified_time\" content=\"2017-10-29T12:24:43+00:00\" \/>\n<meta property=\"og:image\" content=\"https:\/\/artesmarciaisalbufeira.com\/pt\/wp-content\/uploads\/2017\/10\/formacao-2017_2.jpg\" \/>\n\t<meta property=\"og:image:width\" content=\"580\" \/>\n\t<meta property=\"og:image:height\" content=\"455\" \/>\n<meta name=\"twitter:card\" content=\"summary\" \/>\n<script type=\"application\/ld+json\" class=\"yoast-schema-graph\">{\"@context\":\"https:\/\/schema.org\",\"@graph\":[{\"@type\":\"WebSite\",\"@id\":\"https:\/\/artesmarciaisalbufeira.com\/pt\/#website\",\"url\":\"https:\/\/artesmarciaisalbufeira.com\/pt\/\",\"name\":\"Clube de Artes Marciais de Albufeira\",\"description\":\"Clube de Artes Marciais de Albufeira\",\"potentialAction\":[{\"@type\":\"SearchAction\",\"target\":\"https:\/\/artesmarciaisalbufeira.com\/pt\/?s={search_term_string}\",\"query-input\":\"required name=search_term_string\"}],\"inLanguage\":\"pt-PT\"},{\"@type\":\"ImageObject\",\"@id\":\"https:\/\/artesmarciaisalbufeira.com\/pt\/acao-de-formacao-para-arbritos-e-treinadores-de-karate\/#primaryimage\",\"inLanguage\":\"pt-PT\",\"url\":\"https:\/\/artesmarciaisalbufeira.com\/pt\/wp-content\/uploads\/2017\/10\/formacao-2017_2.jpg\",\"width\":580,\"height\":455,\"caption\":\"A\\u00e7\\u00e3o de Forma\\u00e7\\u00e3o para arbritos e treinadores de Karate\"},{\"@type\":\"WebPage\",\"@id\":\"https:\/\/artesmarciaisalbufeira.com\/pt\/acao-de-formacao-para-arbritos-e-treinadores-de-karate\/#webpage\",\"url\":\"https:\/\/artesmarciaisalbufeira.com\/pt\/acao-de-formacao-para-arbritos-e-treinadores-de-karate\/\",\"name\":\"A\\u00e7\\u00e3o de Forma\\u00e7\\u00e3o para arbritos e treinadores de Karate - Clube de Artes Marciais de Albufeira\",\"isPartOf\":{\"@id\":\"https:\/\/artesmarciaisalbufeira.com\/pt\/#website\"},\"primaryImageOfPage\":{\"@id\":\"https:\/\/artesmarciaisalbufeira.com\/pt\/acao-de-formacao-para-arbritos-e-treinadores-de-karate\/#primaryimage\"},\"datePublished\":\"2017-01-16T12:23:23+00:00\",\"dateModified\":\"2017-10-29T12:24:43+00:00\",\"author\":{\"@id\":\"https:\/\/artesmarciaisalbufeira.com\/pt\/#\/schema\/person\/14baa1a84c86cf63888152c85ff41a73\"},\"inLanguage\":\"pt-PT\",\"potentialAction\":[{\"@type\":\"ReadAction\",\"target\":[\"https:\/\/artesmarciaisalbufeira.com\/pt\/acao-de-formacao-para-arbritos-e-treinadores-de-karate\/\"]}]},{\"@type\":\"Person\",\"@id\":\"https:\/\/artesmarciaisalbufeira.com\/pt\/#\/schema\/person\/14baa1a84c86cf63888152c85ff41a73\",\"name\":\"jeune\"}]}<\/script>\n<!-- \/ Yoast SEO plugin. -->","_links":{"self":[{"href":"https:\/\/artesmarciaisalbufeira.com\/pt\/wp-json\/wp\/v2\/posts\/2776"}],"collection":[{"href":"https:\/\/artesmarciaisalbufeira.com\/pt\/wp-json\/wp\/v2\/posts"}],"about":[{"href":"https:\/\/artesmarciaisalbufeira.com\/pt\/wp-json\/wp\/v2\/types\/post"}],"author":[{"embeddable":true,"href":"https:\/\/artesmarciaisalbufeira.com\/pt\/wp-json\/wp\/v2\/users\/1"}],"replies":[{"embeddable":true,"href":"https:\/\/artesmarciaisalbufeira.com\/pt\/wp-json\/wp\/v2\/comments?post=2776"}],"version-history":[{"count":1,"href":"https:\/\/artesmarciaisalbufeira.com\/pt\/wp-json\/wp\/v2\/posts\/2776\/revisions"}],"predecessor-version":[{"id":2778,"href":"https:\/\/artesmarciaisalbufeira.com\/pt\/wp-json\/wp\/v2\/posts\/2776\/revisions\/2778"}],"wp:featuredmedia":[{"embeddable":true,"href":"https:\/\/artesmarciaisalbufeira.com\/pt\/wp-json\/wp\/v2\/media\/2777"}],"wp:attachment":[{"href":"https:\/\/artesmarciaisalbufeira.com\/pt\/wp-json\/wp\/v2\/media?parent=2776"}],"wp:term":[{"taxonomy":"category","embeddable":true,"href":"https:\/\/artesmarciaisalbufeira.com\/pt\/wp-json\/wp\/v2\/categories?post=2776"},{"taxonomy":"post_tag","embeddable":true,"href":"https:\/\/artesmarciaisalbufeira.com\/pt\/wp-json\/wp\/v2\/tags?post=2776"}],"curies":[{"name":"wp","href":"https:\/\/api.w.org\/{rel}","templated":true}]}}